{"id":145,"date":"2022-07-16T01:39:12","date_gmt":"2022-07-15T23:39:12","guid":{"rendered":"https:\/\/achalvin.lautre.net\/achalvin\/pargny\/?p=145"},"modified":"2022-11-01T17:04:30","modified_gmt":"2022-11-01T16:04:30","slug":"le-village","status":"publish","type":"post","link":"https:\/\/www.pargny-la-dhuys.fr\/?p=145","title":{"rendered":"Le village"},"content":{"rendered":"\n<figure class=\"wp-block-image size-large\"><a href=\"https:\/\/www.pargny-la-dhuys.fr\/wp-content\/uploads\/2022\/07\/Pargny-vue-d-ensemble-debut-XXe-siecle-1.jpeg\"><img loading=\"lazy\" decoding=\"async\" width=\"1024\" height=\"667\" src=\"https:\/\/achalvin.lautre.net\/achalvin\/pargny\/wp-content\/uploads\/2022\/07\/Pargny-vue-d-ensemble-debut-XXe-siecle-1-1024x667.jpeg\" alt=\"\" class=\"wp-image-179\" srcset=\"https:\/\/www.pargny-la-dhuys.fr\/wp-content\/uploads\/2022\/07\/Pargny-vue-d-ensemble-debut-XXe-siecle-1-1024x667.jpeg 1024w, https:\/\/www.pargny-la-dhuys.fr\/wp-content\/uploads\/2022\/07\/Pargny-vue-d-ensemble-debut-XXe-siecle-1-300x195.jpeg 300w, https:\/\/www.pargny-la-dhuys.fr\/wp-content\/uploads\/2022\/07\/Pargny-vue-d-ensemble-debut-XXe-siecle-1-768x500.jpeg 768w, https:\/\/www.pargny-la-dhuys.fr\/wp-content\/uploads\/2022\/07\/Pargny-vue-d-ensemble-debut-XXe-siecle-1-1536x1000.jpeg 1536w, https:\/\/www.pargny-la-dhuys.fr\/wp-content\/uploads\/2022\/07\/Pargny-vue-d-ensemble-debut-XXe-siecle-1-1568x1021.jpeg 1568w, https:\/\/www.pargny-la-dhuys.fr\/wp-content\/uploads\/2022\/07\/Pargny-vue-d-ensemble-debut-XXe-siecle-1.jpeg 1683w\" sizes=\"auto, (max-width: 1024px) 100vw, 1024px\" \/><\/a><figcaption>Au d\u00e9but du XXe si\u00e8cle<\/figcaption><\/figure>\n\n\n\n<figure class=\"wp-block-image size-large\"><a href=\"https:\/\/achalvin.lautre.net\/achalvin\/pargny\/wp-content\/uploads\/2022\/07\/Pargny-vue-generale.jpeg\"><img loading=\"lazy\" decoding=\"async\" width=\"1024\" height=\"681\" src=\"https:\/\/achalvin.lautre.net\/achalvin\/pargny\/wp-content\/uploads\/2022\/07\/Pargny-vue-generale-1024x681.jpeg\" alt=\"\" class=\"wp-image-185\" srcset=\"https:\/\/www.pargny-la-dhuys.fr\/wp-content\/uploads\/2022\/07\/Pargny-vue-generale-1024x681.jpeg 1024w, https:\/\/www.pargny-la-dhuys.fr\/wp-content\/uploads\/2022\/07\/Pargny-vue-generale-300x200.jpeg 300w, https:\/\/www.pargny-la-dhuys.fr\/wp-content\/uploads\/2022\/07\/Pargny-vue-generale-768x511.jpeg 768w, https:\/\/www.pargny-la-dhuys.fr\/wp-content\/uploads\/2022\/07\/Pargny-vue-generale-1536x1022.jpeg 1536w, https:\/\/www.pargny-la-dhuys.fr\/wp-content\/uploads\/2022\/07\/Pargny-vue-generale-1568x1043.jpeg 1568w, https:\/\/www.pargny-la-dhuys.fr\/wp-content\/uploads\/2022\/07\/Pargny-vue-generale.jpeg 1693w\" sizes=\"auto, (max-width: 1024px) 100vw, 1024px\" \/><\/a><figcaption>Autre vue du m\u00eame endroit et \u00e0 la m\u00eame \u00e9poque<\/figcaption><\/figure>\n\n\n\n<figure class=\"wp-block-image size-large\"><a href=\"https:\/\/achalvin.lautre.net\/achalvin\/pargny\/wp-content\/uploads\/2022\/07\/Pargny-vue-generale-2.jpeg\"><img loading=\"lazy\" decoding=\"async\" width=\"1024\" height=\"677\" src=\"https:\/\/achalvin.lautre.net\/achalvin\/pargny\/wp-content\/uploads\/2022\/07\/Pargny-vue-generale-2-1024x677.jpeg\" alt=\"\" class=\"wp-image-183\" srcset=\"https:\/\/www.pargny-la-dhuys.fr\/wp-content\/uploads\/2022\/07\/Pargny-vue-generale-2-1024x677.jpeg 1024w, https:\/\/www.pargny-la-dhuys.fr\/wp-content\/uploads\/2022\/07\/Pargny-vue-generale-2-300x198.jpeg 300w, https:\/\/www.pargny-la-dhuys.fr\/wp-content\/uploads\/2022\/07\/Pargny-vue-generale-2-768x507.jpeg 768w, https:\/\/www.pargny-la-dhuys.fr\/wp-content\/uploads\/2022\/07\/Pargny-vue-generale-2-1536x1015.jpeg 1536w, https:\/\/www.pargny-la-dhuys.fr\/wp-content\/uploads\/2022\/07\/Pargny-vue-generale-2-1568x1036.jpeg 1568w, https:\/\/www.pargny-la-dhuys.fr\/wp-content\/uploads\/2022\/07\/Pargny-vue-generale-2.jpeg 1689w\" sizes=\"auto, (max-width: 1024px) 100vw, 1024px\" \/><\/a><figcaption>D\u00e9but du XXe si\u00e8cle<\/figcaption><\/figure>\n\n\n\n<figure class=\"wp-block-image size-large\"><a href=\"https:\/\/achalvin.lautre.net\/achalvin\/pargny\/wp-content\/uploads\/2022\/07\/Pargny-vu-de-Montlevon-vers-1920.jpeg\"><img loading=\"lazy\" decoding=\"async\" width=\"1024\" height=\"661\" src=\"https:\/\/achalvin.lautre.net\/achalvin\/pargny\/wp-content\/uploads\/2022\/07\/Pargny-vu-de-Montlevon-vers-1920-1024x661.jpeg\" alt=\"\" class=\"wp-image-177\" srcset=\"https:\/\/www.pargny-la-dhuys.fr\/wp-content\/uploads\/2022\/07\/Pargny-vu-de-Montlevon-vers-1920-1024x661.jpeg 1024w, https:\/\/www.pargny-la-dhuys.fr\/wp-content\/uploads\/2022\/07\/Pargny-vu-de-Montlevon-vers-1920-300x194.jpeg 300w, https:\/\/www.pargny-la-dhuys.fr\/wp-content\/uploads\/2022\/07\/Pargny-vu-de-Montlevon-vers-1920-768x495.jpeg 768w, https:\/\/www.pargny-la-dhuys.fr\/wp-content\/uploads\/2022\/07\/Pargny-vu-de-Montlevon-vers-1920-1536x991.jpeg 1536w, https:\/\/www.pargny-la-dhuys.fr\/wp-content\/uploads\/2022\/07\/Pargny-vu-de-Montlevon-vers-1920-1568x1011.jpeg 1568w, https:\/\/www.pargny-la-dhuys.fr\/wp-content\/uploads\/2022\/07\/Pargny-vu-de-Montlevon-vers-1920.jpeg 1730w\" sizes=\"auto, (max-width: 1024px) 100vw, 1024px\" \/><\/a><figcaption>Vue depuis les pentes de Montlevon, probablement vers 1920<\/figcaption><\/figure>\n\n\n\n<figure class=\"wp-block-image size-large\"><a href=\"https:\/\/achalvin.lautre.net\/achalvin\/pargny\/wp-content\/uploads\/2022\/07\/Pargny-vue-generale-3-annees-1950.jpeg\"><img loading=\"lazy\" decoding=\"async\" width=\"1024\" height=\"651\" src=\"https:\/\/achalvin.lautre.net\/achalvin\/pargny\/wp-content\/uploads\/2022\/07\/Pargny-vue-generale-3-annees-1950-1024x651.jpeg\" alt=\"\" class=\"wp-image-181\" srcset=\"https:\/\/www.pargny-la-dhuys.fr\/wp-content\/uploads\/2022\/07\/Pargny-vue-generale-3-annees-1950-1024x651.jpeg 1024w, https:\/\/www.pargny-la-dhuys.fr\/wp-content\/uploads\/2022\/07\/Pargny-vue-generale-3-annees-1950-300x191.jpeg 300w, https:\/\/www.pargny-la-dhuys.fr\/wp-content\/uploads\/2022\/07\/Pargny-vue-generale-3-annees-1950-768x488.jpeg 768w, https:\/\/www.pargny-la-dhuys.fr\/wp-content\/uploads\/2022\/07\/Pargny-vue-generale-3-annees-1950-1536x976.jpeg 1536w, https:\/\/www.pargny-la-dhuys.fr\/wp-content\/uploads\/2022\/07\/Pargny-vue-generale-3-annees-1950-1568x997.jpeg 1568w, https:\/\/www.pargny-la-dhuys.fr\/wp-content\/uploads\/2022\/07\/Pargny-vue-generale-3-annees-1950.jpeg 1677w\" sizes=\"auto, (max-width: 1024px) 100vw, 1024px\" \/><\/a><figcaption>Vers 1950<\/figcaption><\/figure>\n\n\n\n<figure class=\"wp-block-image size-large\"><a href=\"https:\/\/achalvin.lautre.net\/achalvin\/pargny\/wp-content\/uploads\/2022\/07\/Pargny-panorama-debut-XXe-siecle.jpeg\"><img loading=\"lazy\" decoding=\"async\" width=\"1024\" height=\"674\" src=\"https:\/\/achalvin.lautre.net\/achalvin\/pargny\/wp-content\/uploads\/2022\/07\/Pargny-panorama-debut-XXe-siecle-1024x674.jpeg\" alt=\"\" class=\"wp-image-189\" srcset=\"https:\/\/www.pargny-la-dhuys.fr\/wp-content\/uploads\/2022\/07\/Pargny-panorama-debut-XXe-siecle-1024x674.jpeg 1024w, https:\/\/www.pargny-la-dhuys.fr\/wp-content\/uploads\/2022\/07\/Pargny-panorama-debut-XXe-siecle-300x197.jpeg 300w, https:\/\/www.pargny-la-dhuys.fr\/wp-content\/uploads\/2022\/07\/Pargny-panorama-debut-XXe-siecle-768x506.jpeg 768w, https:\/\/www.pargny-la-dhuys.fr\/wp-content\/uploads\/2022\/07\/Pargny-panorama-debut-XXe-siecle-1536x1011.jpeg 1536w, https:\/\/www.pargny-la-dhuys.fr\/wp-content\/uploads\/2022\/07\/Pargny-panorama-debut-XXe-siecle-1568x1032.jpeg 1568w, https:\/\/www.pargny-la-dhuys.fr\/wp-content\/uploads\/2022\/07\/Pargny-panorama-debut-XXe-siecle.jpeg 1709w\" sizes=\"auto, (max-width: 1024px) 100vw, 1024px\" \/><\/a><figcaption>Vue depuis la route de Montigny, d\u00e9but du XXe si\u00e8cle<\/figcaption><\/figure>\n\n\n\n<figure class=\"wp-block-image size-large\"><a href=\"https:\/\/achalvin.lautre.net\/achalvin\/pargny\/wp-content\/uploads\/2022\/07\/Pargny-entree-du-village-2.jpeg\"><img loading=\"lazy\" decoding=\"async\" width=\"1024\" height=\"663\" src=\"https:\/\/achalvin.lautre.net\/achalvin\/pargny\/wp-content\/uploads\/2022\/07\/Pargny-entree-du-village-2-1024x663.jpeg\" alt=\"\" class=\"wp-image-191\" srcset=\"https:\/\/www.pargny-la-dhuys.fr\/wp-content\/uploads\/2022\/07\/Pargny-entree-du-village-2-1024x663.jpeg 1024w, https:\/\/www.pargny-la-dhuys.fr\/wp-content\/uploads\/2022\/07\/Pargny-entree-du-village-2-300x194.jpeg 300w, https:\/\/www.pargny-la-dhuys.fr\/wp-content\/uploads\/2022\/07\/Pargny-entree-du-village-2-768x497.jpeg 768w, https:\/\/www.pargny-la-dhuys.fr\/wp-content\/uploads\/2022\/07\/Pargny-entree-du-village-2-1536x994.jpeg 1536w, https:\/\/www.pargny-la-dhuys.fr\/wp-content\/uploads\/2022\/07\/Pargny-entree-du-village-2-1568x1015.jpeg 1568w, https:\/\/www.pargny-la-dhuys.fr\/wp-content\/uploads\/2022\/07\/Pargny-entree-du-village-2.jpeg 1698w\" sizes=\"auto, (max-width: 1024px) 100vw, 1024px\" \/><\/a><figcaption>Le centre du village au d\u00e9but du XXe si\u00e8cle<\/figcaption><\/figure>\n\n\n\n<figure class=\"wp-block-image size-large\"><a href=\"https:\/\/achalvin.lautre.net\/achalvin\/pargny\/wp-content\/uploads\/2022\/07\/Pargny-mairie-et-ecole-avec-timbre.jpeg\"><img loading=\"lazy\" decoding=\"async\" width=\"1024\" height=\"679\" src=\"https:\/\/achalvin.lautre.net\/achalvin\/pargny\/wp-content\/uploads\/2022\/07\/Pargny-mairie-et-ecole-avec-timbre-1024x679.jpeg\" alt=\"\" class=\"wp-image-171\" srcset=\"https:\/\/www.pargny-la-dhuys.fr\/wp-content\/uploads\/2022\/07\/Pargny-mairie-et-ecole-avec-timbre-1024x679.jpeg 1024w, https:\/\/www.pargny-la-dhuys.fr\/wp-content\/uploads\/2022\/07\/Pargny-mairie-et-ecole-avec-timbre-300x199.jpeg 300w, https:\/\/www.pargny-la-dhuys.fr\/wp-content\/uploads\/2022\/07\/Pargny-mairie-et-ecole-avec-timbre-768x509.jpeg 768w, https:\/\/www.pargny-la-dhuys.fr\/wp-content\/uploads\/2022\/07\/Pargny-mairie-et-ecole-avec-timbre-1536x1019.jpeg 1536w, https:\/\/www.pargny-la-dhuys.fr\/wp-content\/uploads\/2022\/07\/Pargny-mairie-et-ecole-avec-timbre-1568x1040.jpeg 1568w, https:\/\/www.pargny-la-dhuys.fr\/wp-content\/uploads\/2022\/07\/Pargny-mairie-et-ecole-avec-timbre.jpeg 1677w\" sizes=\"auto, (max-width: 1024px) 100vw, 1024px\" \/><\/a><figcaption>Le centre du village au d\u00e9but du XXe si\u00e8cle<\/figcaption><\/figure>\n\n\n\n<p><\/p>\n\n\n\n<figure class=\"wp-block-image size-large\"><a href=\"https:\/\/achalvin.lautre.net\/achalvin\/pargny\/wp-content\/uploads\/2022\/07\/Pargny-mairie-et-ecole-vers-1920-1.jpeg\"><img loading=\"lazy\" decoding=\"async\" width=\"1024\" height=\"672\" src=\"https:\/\/achalvin.lautre.net\/achalvin\/pargny\/wp-content\/uploads\/2022\/07\/Pargny-mairie-et-ecole-vers-1920-1-1024x672.jpeg\" alt=\"\" class=\"wp-image-193\" srcset=\"https:\/\/www.pargny-la-dhuys.fr\/wp-content\/uploads\/2022\/07\/Pargny-mairie-et-ecole-vers-1920-1-1024x672.jpeg 1024w, https:\/\/www.pargny-la-dhuys.fr\/wp-content\/uploads\/2022\/07\/Pargny-mairie-et-ecole-vers-1920-1-300x197.jpeg 300w, https:\/\/www.pargny-la-dhuys.fr\/wp-content\/uploads\/2022\/07\/Pargny-mairie-et-ecole-vers-1920-1-768x504.jpeg 768w, https:\/\/www.pargny-la-dhuys.fr\/wp-content\/uploads\/2022\/07\/Pargny-mairie-et-ecole-vers-1920-1-1536x1008.jpeg 1536w, https:\/\/www.pargny-la-dhuys.fr\/wp-content\/uploads\/2022\/07\/Pargny-mairie-et-ecole-vers-1920-1-1568x1029.jpeg 1568w, https:\/\/www.pargny-la-dhuys.fr\/wp-content\/uploads\/2022\/07\/Pargny-mairie-et-ecole-vers-1920-1.jpeg 1659w\" sizes=\"auto, (max-width: 1024px) 100vw, 1024px\" \/><\/a><figcaption>Le centre du village vers 1920<\/figcaption><\/figure>\n\n\n\n<figure class=\"wp-block-image size-large\"><a href=\"https:\/\/achalvin.lautre.net\/achalvin\/pargny\/wp-content\/uploads\/2022\/07\/Pargny-Vue-sur-le-bourg-annees-1950-1.jpeg\"><img loading=\"lazy\" decoding=\"async\" width=\"1024\" height=\"641\" src=\"https:\/\/achalvin.lautre.net\/achalvin\/pargny\/wp-content\/uploads\/2022\/07\/Pargny-Vue-sur-le-bourg-annees-1950-1-1024x641.jpeg\" alt=\"\" class=\"wp-image-201\" srcset=\"https:\/\/www.pargny-la-dhuys.fr\/wp-content\/uploads\/2022\/07\/Pargny-Vue-sur-le-bourg-annees-1950-1-1024x641.jpeg 1024w, https:\/\/www.pargny-la-dhuys.fr\/wp-content\/uploads\/2022\/07\/Pargny-Vue-sur-le-bourg-annees-1950-1-300x188.jpeg 300w, https:\/\/www.pargny-la-dhuys.fr\/wp-content\/uploads\/2022\/07\/Pargny-Vue-sur-le-bourg-annees-1950-1-768x480.jpeg 768w, https:\/\/www.pargny-la-dhuys.fr\/wp-content\/uploads\/2022\/07\/Pargny-Vue-sur-le-bourg-annees-1950-1-1536x961.jpeg 1536w, https:\/\/www.pargny-la-dhuys.fr\/wp-content\/uploads\/2022\/07\/Pargny-Vue-sur-le-bourg-annees-1950-1-1568x981.jpeg 1568w, https:\/\/www.pargny-la-dhuys.fr\/wp-content\/uploads\/2022\/07\/Pargny-Vue-sur-le-bourg-annees-1950-1.jpeg 1816w\" sizes=\"auto, (max-width: 1024px) 100vw, 1024px\" \/><\/a><figcaption>Le centre du village vers 1950<\/figcaption><\/figure>\n\n\n\n<p><\/p>\n\n\n\n<figure class=\"wp-block-image size-large\"><a href=\"https:\/\/achalvin.lautre.net\/achalvin\/pargny\/wp-content\/uploads\/2022\/07\/Pargny-La-mairie-debut-XXe-siecle.jpeg\"><img loading=\"lazy\" decoding=\"async\" width=\"1024\" height=\"665\" src=\"https:\/\/achalvin.lautre.net\/achalvin\/pargny\/wp-content\/uploads\/2022\/07\/Pargny-La-mairie-debut-XXe-siecle-1024x665.jpeg\" alt=\"\" class=\"wp-image-157\" srcset=\"https:\/\/www.pargny-la-dhuys.fr\/wp-content\/uploads\/2022\/07\/Pargny-La-mairie-debut-XXe-siecle-1024x665.jpeg 1024w, https:\/\/www.pargny-la-dhuys.fr\/wp-content\/uploads\/2022\/07\/Pargny-La-mairie-debut-XXe-siecle-300x195.jpeg 300w, https:\/\/www.pargny-la-dhuys.fr\/wp-content\/uploads\/2022\/07\/Pargny-La-mairie-debut-XXe-siecle-768x499.jpeg 768w, https:\/\/www.pargny-la-dhuys.fr\/wp-content\/uploads\/2022\/07\/Pargny-La-mairie-debut-XXe-siecle-1536x997.jpeg 1536w, https:\/\/www.pargny-la-dhuys.fr\/wp-content\/uploads\/2022\/07\/Pargny-La-mairie-debut-XXe-siecle-1568x1018.jpeg 1568w, https:\/\/www.pargny-la-dhuys.fr\/wp-content\/uploads\/2022\/07\/Pargny-La-mairie-debut-XXe-siecle.jpeg 1690w\" sizes=\"auto, (max-width: 1024px) 100vw, 1024px\" \/><\/a><figcaption>La mairie et l&rsquo;\u00e9cole vers le d\u00e9but du XXe si\u00e8cle<\/figcaption><\/figure>\n\n\n\n<figure class=\"wp-block-image size-large\"><a href=\"https:\/\/achalvin.lautre.net\/achalvin\/pargny\/wp-content\/uploads\/2022\/07\/Pargny-monument-aux-morts.jpeg\"><img loading=\"lazy\" decoding=\"async\" width=\"706\" height=\"1024\" src=\"https:\/\/achalvin.lautre.net\/achalvin\/pargny\/wp-content\/uploads\/2022\/07\/Pargny-monument-aux-morts-706x1024.jpeg\" alt=\"\" class=\"wp-image-151\" srcset=\"https:\/\/www.pargny-la-dhuys.fr\/wp-content\/uploads\/2022\/07\/Pargny-monument-aux-morts-706x1024.jpeg 706w, https:\/\/www.pargny-la-dhuys.fr\/wp-content\/uploads\/2022\/07\/Pargny-monument-aux-morts-207x300.jpeg 207w, https:\/\/www.pargny-la-dhuys.fr\/wp-content\/uploads\/2022\/07\/Pargny-monument-aux-morts-768x1115.jpeg 768w, https:\/\/www.pargny-la-dhuys.fr\/wp-content\/uploads\/2022\/07\/Pargny-monument-aux-morts-1058x1536.jpeg 1058w, https:\/\/www.pargny-la-dhuys.fr\/wp-content\/uploads\/2022\/07\/Pargny-monument-aux-morts.jpeg 1119w\" sizes=\"auto, (max-width: 706px) 100vw, 706px\" \/><\/a><figcaption>Le monument aux morts, probablement dans les ann\u00e9es 1920<\/figcaption><\/figure>\n\n\n\n<figure class=\"wp-block-image size-large\"><a href=\"https:\/\/achalvin.lautre.net\/achalvin\/pargny\/wp-content\/uploads\/2022\/07\/Pargny-entree-village-vers-1920-sans-texte.jpeg\"><img loading=\"lazy\" decoding=\"async\" width=\"1024\" height=\"672\" src=\"https:\/\/achalvin.lautre.net\/achalvin\/pargny\/wp-content\/uploads\/2022\/07\/Pargny-entree-village-vers-1920-sans-texte-1024x672.jpeg\" alt=\"\" class=\"wp-image-163\" srcset=\"https:\/\/www.pargny-la-dhuys.fr\/wp-content\/uploads\/2022\/07\/Pargny-entree-village-vers-1920-sans-texte-1024x672.jpeg 1024w, https:\/\/www.pargny-la-dhuys.fr\/wp-content\/uploads\/2022\/07\/Pargny-entree-village-vers-1920-sans-texte-300x197.jpeg 300w, https:\/\/www.pargny-la-dhuys.fr\/wp-content\/uploads\/2022\/07\/Pargny-entree-village-vers-1920-sans-texte-768x504.jpeg 768w, https:\/\/www.pargny-la-dhuys.fr\/wp-content\/uploads\/2022\/07\/Pargny-entree-village-vers-1920-sans-texte-1536x1009.jpeg 1536w, https:\/\/www.pargny-la-dhuys.fr\/wp-content\/uploads\/2022\/07\/Pargny-entree-village-vers-1920-sans-texte-1568x1030.jpeg 1568w, https:\/\/www.pargny-la-dhuys.fr\/wp-content\/uploads\/2022\/07\/Pargny-entree-village-vers-1920-sans-texte.jpeg 1672w\" sizes=\"auto, (max-width: 1024px) 100vw, 1024px\" \/><\/a><figcaption>L&rsquo;entr\u00e9e du village en venant d&rsquo;Artonges, d\u00e9but du XXe si\u00e8cle<\/figcaption><\/figure>\n\n\n\n<p><\/p>\n\n\n\n<figure class=\"wp-block-image size-large is-resized\"><a href=\"https:\/\/achalvin.lautre.net\/achalvin\/pargny\/wp-content\/uploads\/2022\/07\/Pargny-entree-du-village.jpeg\"><img loading=\"lazy\" decoding=\"async\" src=\"https:\/\/achalvin.lautre.net\/achalvin\/pargny\/wp-content\/uploads\/2022\/07\/Pargny-entree-du-village-1024x667.jpeg\" alt=\"\" class=\"wp-image-197\" width=\"610\" height=\"397\" srcset=\"https:\/\/www.pargny-la-dhuys.fr\/wp-content\/uploads\/2022\/07\/Pargny-entree-du-village-1024x667.jpeg 1024w, https:\/\/www.pargny-la-dhuys.fr\/wp-content\/uploads\/2022\/07\/Pargny-entree-du-village-300x195.jpeg 300w, https:\/\/www.pargny-la-dhuys.fr\/wp-content\/uploads\/2022\/07\/Pargny-entree-du-village-768x500.jpeg 768w, https:\/\/www.pargny-la-dhuys.fr\/wp-content\/uploads\/2022\/07\/Pargny-entree-du-village-1536x1000.jpeg 1536w, https:\/\/www.pargny-la-dhuys.fr\/wp-content\/uploads\/2022\/07\/Pargny-entree-du-village-1568x1021.jpeg 1568w, https:\/\/www.pargny-la-dhuys.fr\/wp-content\/uploads\/2022\/07\/Pargny-entree-du-village.jpeg 1692w\" sizes=\"auto, (max-width: 610px) 100vw, 610px\" \/><\/a><figcaption>La sortie du village, route allant vers Artonges, d\u00e9but du XXe si\u00e8cle<\/figcaption><\/figure>\n\n\n\n<figure class=\"wp-block-image size-large\"><a href=\"https:\/\/achalvin.lautre.net\/achalvin\/pargny\/wp-content\/uploads\/2022\/07\/Pargny-Le-cafe-tabac-annees-1950.jpeg\"><img loading=\"lazy\" decoding=\"async\" width=\"1024\" height=\"662\" src=\"https:\/\/achalvin.lautre.net\/achalvin\/pargny\/wp-content\/uploads\/2022\/07\/Pargny-Le-cafe-tabac-annees-1950-1024x662.jpeg\" alt=\"\" class=\"wp-image-153\" srcset=\"https:\/\/www.pargny-la-dhuys.fr\/wp-content\/uploads\/2022\/07\/Pargny-Le-cafe-tabac-annees-1950-1024x662.jpeg 1024w, https:\/\/www.pargny-la-dhuys.fr\/wp-content\/uploads\/2022\/07\/Pargny-Le-cafe-tabac-annees-1950-300x194.jpeg 300w, https:\/\/www.pargny-la-dhuys.fr\/wp-content\/uploads\/2022\/07\/Pargny-Le-cafe-tabac-annees-1950-768x497.jpeg 768w, https:\/\/www.pargny-la-dhuys.fr\/wp-content\/uploads\/2022\/07\/Pargny-Le-cafe-tabac-annees-1950-1536x993.jpeg 1536w, https:\/\/www.pargny-la-dhuys.fr\/wp-content\/uploads\/2022\/07\/Pargny-Le-cafe-tabac-annees-1950-1568x1014.jpeg 1568w, https:\/\/www.pargny-la-dhuys.fr\/wp-content\/uploads\/2022\/07\/Pargny-Le-cafe-tabac-annees-1950.jpeg 1690w\" sizes=\"auto, (max-width: 1024px) 100vw, 1024px\" \/><\/a><figcaption>Le caf\u00e9-tabac \u00e0 l&rsquo;entr\u00e9e du village sur la route d&rsquo;Artonges, probablement dans les ann\u00e9es 1950<\/figcaption><\/figure>\n\n\n\n<figure class=\"wp-block-image size-large\"><a href=\"https:\/\/achalvin.lautre.net\/achalvin\/pargny\/wp-content\/uploads\/2022\/07\/Pargny-Le-cafe-tabac-annees-1950-2.jpeg\"><img loading=\"lazy\" decoding=\"async\" width=\"1024\" height=\"668\" src=\"https:\/\/achalvin.lautre.net\/achalvin\/pargny\/wp-content\/uploads\/2022\/07\/Pargny-Le-cafe-tabac-annees-1950-2-1024x668.jpeg\" alt=\"\" class=\"wp-image-155\" srcset=\"https:\/\/www.pargny-la-dhuys.fr\/wp-content\/uploads\/2022\/07\/Pargny-Le-cafe-tabac-annees-1950-2-1024x668.jpeg 1024w, https:\/\/www.pargny-la-dhuys.fr\/wp-content\/uploads\/2022\/07\/Pargny-Le-cafe-tabac-annees-1950-2-300x196.jpeg 300w, https:\/\/www.pargny-la-dhuys.fr\/wp-content\/uploads\/2022\/07\/Pargny-Le-cafe-tabac-annees-1950-2-768x501.jpeg 768w, https:\/\/www.pargny-la-dhuys.fr\/wp-content\/uploads\/2022\/07\/Pargny-Le-cafe-tabac-annees-1950-2-1536x1002.jpeg 1536w, https:\/\/www.pargny-la-dhuys.fr\/wp-content\/uploads\/2022\/07\/Pargny-Le-cafe-tabac-annees-1950-2-1568x1023.jpeg 1568w, https:\/\/www.pargny-la-dhuys.fr\/wp-content\/uploads\/2022\/07\/Pargny-Le-cafe-tabac-annees-1950-2.jpeg 1654w\" sizes=\"auto, (max-width: 1024px) 100vw, 1024px\" \/><\/a><figcaption>Autre vue du caf\u00e9-tabac \u00e0 la m\u00eame \u00e9poque<\/figcaption><\/figure>\n\n\n\n<figure class=\"wp-block-image size-large\"><a href=\"https:\/\/achalvin.lautre.net\/achalvin\/pargny\/wp-content\/uploads\/2022\/07\/Pargny-la-gare-debut-XXe-siecle.jpeg\"><img loading=\"lazy\" decoding=\"async\" width=\"1024\" height=\"684\" src=\"https:\/\/achalvin.lautre.net\/achalvin\/pargny\/wp-content\/uploads\/2022\/07\/Pargny-la-gare-debut-XXe-siecle-1024x684.jpeg\" alt=\"\" class=\"wp-image-195\" srcset=\"https:\/\/www.pargny-la-dhuys.fr\/wp-content\/uploads\/2022\/07\/Pargny-la-gare-debut-XXe-siecle-1024x684.jpeg 1024w, https:\/\/www.pargny-la-dhuys.fr\/wp-content\/uploads\/2022\/07\/Pargny-la-gare-debut-XXe-siecle-300x200.jpeg 300w, https:\/\/www.pargny-la-dhuys.fr\/wp-content\/uploads\/2022\/07\/Pargny-la-gare-debut-XXe-siecle-768x513.jpeg 768w, https:\/\/www.pargny-la-dhuys.fr\/wp-content\/uploads\/2022\/07\/Pargny-la-gare-debut-XXe-siecle-1536x1026.jpeg 1536w, https:\/\/www.pargny-la-dhuys.fr\/wp-content\/uploads\/2022\/07\/Pargny-la-gare-debut-XXe-siecle-1568x1048.jpeg 1568w, https:\/\/www.pargny-la-dhuys.fr\/wp-content\/uploads\/2022\/07\/Pargny-la-gare-debut-XXe-siecle.jpeg 1688w\" sizes=\"auto, (max-width: 1024px) 100vw, 1024px\" \/><\/a><figcaption>La gare au d\u00e9but du XXe si\u00e8cle<\/figcaption><\/figure>\n\n\n\n<figure class=\"wp-block-image size-large\"><a href=\"https:\/\/achalvin.lautre.net\/achalvin\/pargny\/wp-content\/uploads\/2022\/07\/Pargny-la-gare-original.jpeg\"><img loading=\"lazy\" decoding=\"async\" width=\"1024\" height=\"676\" src=\"https:\/\/achalvin.lautre.net\/achalvin\/pargny\/wp-content\/uploads\/2022\/07\/Pargny-la-gare-original-1024x676.jpeg\" alt=\"\" class=\"wp-image-165\" srcset=\"https:\/\/www.pargny-la-dhuys.fr\/wp-content\/uploads\/2022\/07\/Pargny-la-gare-original-1024x676.jpeg 1024w, https:\/\/www.pargny-la-dhuys.fr\/wp-content\/uploads\/2022\/07\/Pargny-la-gare-original-300x198.jpeg 300w, https:\/\/www.pargny-la-dhuys.fr\/wp-content\/uploads\/2022\/07\/Pargny-la-gare-original-768x507.jpeg 768w, https:\/\/www.pargny-la-dhuys.fr\/wp-content\/uploads\/2022\/07\/Pargny-la-gare-original-1536x1015.jpeg 1536w, https:\/\/www.pargny-la-dhuys.fr\/wp-content\/uploads\/2022\/07\/Pargny-la-gare-original-1568x1036.jpeg 1568w, https:\/\/www.pargny-la-dhuys.fr\/wp-content\/uploads\/2022\/07\/Pargny-la-gare-original.jpeg 1712w\" sizes=\"auto, (max-width: 1024px) 100vw, 1024px\" \/><\/a><figcaption>La gare<\/figcaption><\/figure>\n\n\n\n<figure class=\"wp-block-image size-large\"><a href=\"https:\/\/achalvin.lautre.net\/achalvin\/pargny\/wp-content\/uploads\/2022\/07\/Pargny-cafe-restaurant.jpeg\"><img loading=\"lazy\" decoding=\"async\" width=\"1024\" height=\"643\" src=\"https:\/\/achalvin.lautre.net\/achalvin\/pargny\/wp-content\/uploads\/2022\/07\/Pargny-cafe-restaurant-1024x643.jpeg\" alt=\"\" class=\"wp-image-167\" srcset=\"https:\/\/www.pargny-la-dhuys.fr\/wp-content\/uploads\/2022\/07\/Pargny-cafe-restaurant-1024x643.jpeg 1024w, https:\/\/www.pargny-la-dhuys.fr\/wp-content\/uploads\/2022\/07\/Pargny-cafe-restaurant-300x188.jpeg 300w, https:\/\/www.pargny-la-dhuys.fr\/wp-content\/uploads\/2022\/07\/Pargny-cafe-restaurant-768x482.jpeg 768w, https:\/\/www.pargny-la-dhuys.fr\/wp-content\/uploads\/2022\/07\/Pargny-cafe-restaurant-1536x964.jpeg 1536w, https:\/\/www.pargny-la-dhuys.fr\/wp-content\/uploads\/2022\/07\/Pargny-cafe-restaurant-1568x984.jpeg 1568w, https:\/\/www.pargny-la-dhuys.fr\/wp-content\/uploads\/2022\/07\/Pargny-cafe-restaurant.jpeg 1828w\" sizes=\"auto, (max-width: 1024px) 100vw, 1024px\" \/><\/a><figcaption>Le caf\u00e9-restaurant vers 1950<\/figcaption><\/figure>\n\n\n\n<p><\/p>\n\n\n\n<figure class=\"wp-block-image size-large\"><a href=\"https:\/\/achalvin.lautre.net\/achalvin\/pargny\/wp-content\/uploads\/2022\/07\/Pargny-impasse-de-la-Dhuys-colorise.jpeg\"><img loading=\"lazy\" decoding=\"async\" width=\"1024\" height=\"672\" src=\"https:\/\/achalvin.lautre.net\/achalvin\/pargny\/wp-content\/uploads\/2022\/07\/Pargny-impasse-de-la-Dhuys-colorise-1024x672.jpeg\" alt=\"\" class=\"wp-image-175\" srcset=\"https:\/\/www.pargny-la-dhuys.fr\/wp-content\/uploads\/2022\/07\/Pargny-impasse-de-la-Dhuys-colorise-1024x672.jpeg 1024w, https:\/\/www.pargny-la-dhuys.fr\/wp-content\/uploads\/2022\/07\/Pargny-impasse-de-la-Dhuys-colorise-300x197.jpeg 300w, https:\/\/www.pargny-la-dhuys.fr\/wp-content\/uploads\/2022\/07\/Pargny-impasse-de-la-Dhuys-colorise-768x504.jpeg 768w, https:\/\/www.pargny-la-dhuys.fr\/wp-content\/uploads\/2022\/07\/Pargny-impasse-de-la-Dhuys-colorise-1536x1008.jpeg 1536w, https:\/\/www.pargny-la-dhuys.fr\/wp-content\/uploads\/2022\/07\/Pargny-impasse-de-la-Dhuys-colorise-1568x1029.jpeg 1568w, https:\/\/www.pargny-la-dhuys.fr\/wp-content\/uploads\/2022\/07\/Pargny-impasse-de-la-Dhuys-colorise.jpeg 1707w\" sizes=\"auto, (max-width: 1024px) 100vw, 1024px\" \/><\/a><figcaption>Impasse de la Dhuys, carte coloris\u00e9e des ann\u00e9es 1950<\/figcaption><\/figure>\n\n\n\n<figure class=\"wp-block-image size-large\"><a href=\"https:\/\/achalvin.lautre.net\/achalvin\/pargny\/wp-content\/uploads\/2022\/07\/Pargny-vue-du-ciel-couleur.jpeg\"><img loading=\"lazy\" decoding=\"async\" width=\"1024\" height=\"729\" src=\"https:\/\/achalvin.lautre.net\/achalvin\/pargny\/wp-content\/uploads\/2022\/07\/Pargny-vue-du-ciel-couleur-1024x729.jpeg\" alt=\"\" class=\"wp-image-173\" srcset=\"https:\/\/www.pargny-la-dhuys.fr\/wp-content\/uploads\/2022\/07\/Pargny-vue-du-ciel-couleur-1024x729.jpeg 1024w, https:\/\/www.pargny-la-dhuys.fr\/wp-content\/uploads\/2022\/07\/Pargny-vue-du-ciel-couleur-300x213.jpeg 300w, https:\/\/www.pargny-la-dhuys.fr\/wp-content\/uploads\/2022\/07\/Pargny-vue-du-ciel-couleur-768x547.jpeg 768w, https:\/\/www.pargny-la-dhuys.fr\/wp-content\/uploads\/2022\/07\/Pargny-vue-du-ciel-couleur-1536x1093.jpeg 1536w, https:\/\/www.pargny-la-dhuys.fr\/wp-content\/uploads\/2022\/07\/Pargny-vue-du-ciel-couleur-1568x1116.jpeg 1568w, https:\/\/www.pargny-la-dhuys.fr\/wp-content\/uploads\/2022\/07\/Pargny-vue-du-ciel-couleur.jpeg 1824w\" sizes=\"auto, (max-width: 1024px) 100vw, 1024px\" \/><\/a><figcaption> Le village vu du ciel, probablement dans les ann\u00e9es 1970<\/figcaption><\/figure>\n\n\n\n<p><\/p>\n","protected":false},"excerpt":{"rendered":"","protected":false},"author":1,"featured_media":0,"comment_status":"closed","ping_status":"open","sticky":false,"template":"","format":"gallery","meta":{"footnotes":""},"categories":[3],"tags":[],"class_list":["post-145","post","type-post","status-publish","format-gallery","hentry","category-photos","post_format-post-format-gallery","entry"],"_links":{"self":[{"href":"https:\/\/www.pargny-la-dhuys.fr\/index.php?rest_route=\/wp\/v2\/posts\/145","targetHints":{"allow":["GET"]}}],"collection":[{"href":"https:\/\/www.pargny-la-dhuys.fr\/index.php?rest_route=\/wp\/v2\/posts"}],"about":[{"href":"https:\/\/www.pargny-la-dhuys.fr\/index.php?rest_route=\/wp\/v2\/types\/post"}],"author":[{"embeddable":true,"href":"https:\/\/www.pargny-la-dhuys.fr\/index.php?rest_route=\/wp\/v2\/users\/1"}],"replies":[{"embeddable":true,"href":"https:\/\/www.pargny-la-dhuys.fr\/index.php?rest_route=%2Fwp%2Fv2%2Fcomments&post=145"}],"version-history":[{"count":9,"href":"https:\/\/www.pargny-la-dhuys.fr\/index.php?rest_route=\/wp\/v2\/posts\/145\/revisions"}],"predecessor-version":[{"id":805,"href":"https:\/\/www.pargny-la-dhuys.fr\/index.php?rest_route=\/wp\/v2\/posts\/145\/revisions\/805"}],"wp:attachment":[{"href":"https:\/\/www.pargny-la-dhuys.fr\/index.php?rest_route=%2Fwp%2Fv2%2Fmedia&parent=145"}],"wp:term":[{"taxonomy":"category","embeddable":true,"href":"https:\/\/www.pargny-la-dhuys.fr\/index.php?rest_route=%2Fwp%2Fv2%2Fcategories&post=145"},{"taxonomy":"post_tag","embeddable":true,"href":"https:\/\/www.pargny-la-dhuys.fr\/index.php?rest_route=%2Fwp%2Fv2%2Ftags&post=145"}],"curies":[{"name":"wp","href":"https:\/\/api.w.org\/{rel}","templated":true}]}}